{"id":18013,"date":"2020-01-24T08:55:24","date_gmt":"2020-01-24T11:55:24","guid":{"rendered":"https:\/\/abix.com.br\/abertura-de-nova-filial-em-uberlandia\/"},"modified":"2023-09-11T12:03:11","modified_gmt":"2023-09-11T15:03:11","slug":"abertura-de-nova-filial-em-uberlandia","status":"publish","type":"post","link":"https:\/\/abix.com.br\/en\/abertura-de-nova-filial-em-uberlandia\/","title":{"rendered":"Opening of a new branch in Uberl\u00e2ndia"},"content":{"rendered":"<p>&nbsp;<\/p>\n<p><span style=\"font-weight: 400;\">Abix is completing another important stage in its expansion. The new unit is strategically located in the city of Uberl\u00e2ndia in Minas Gerais and will be replicating our services already carried out in S\u00e3o Paulo.<\/span><\/p>\n<p><span style=\"font-weight: 400;\">Located 590 km from S\u00e3o Paulo. Better known as the capital of the Tri\u00e2ngulo Mineiro, Uberl\u00e2ndia has the profile of a business city.<\/span><\/p>\n<p>&nbsp;<\/p>\n<p><a href=\"https:\/\/www.abix.com.br\/localizacao-uberlandia\/\">Rua Rio de Janeiro, 353, Sala 303<br \/>\nCEP: 38400-658<br \/>\n<\/a><a href=\"tel:3433045494\"><i class=\"fas fa-phone\" aria-hidden=\"true\"><\/i> (34) 3304-5494<\/a><\/p>\n","protected":false},"excerpt":{"rendered":"<p>&nbsp; Abix is completing another important stage in its expansion. The new unit is strategically located in the city of Uberl\u00e2ndia in Minas Gerais and will be replicating our services already carried out in S\u00e3o Paulo. Located 590 km from S\u00e3o Paulo. Better known as the capital of the Tri\u00e2ngulo Mineiro, Uberl\u00e2ndia has the profile [&#8230;]\n","protected":false},"author":1,"featured_media":16415,"comment_status":"closed","ping_status":"closed","sticky":false,"template":"","format":"standard","meta":{"footnotes":""},"categories":[85],"tags":[],"class_list":["post-18013","post","type-post","status-publish","format-standard","has-post-thumbnail","hentry","category-geral-en"],"yoast_head":"<!-- This site is optimized with the Yoast SEO plugin v27.4 - https:\/\/yoast.com\/product\/yoast-seo-wordpress\/ -->\n<title>Opening of a new branch in Uberl\u00e2ndia - Abix<\/title>\n<meta name=\"robots\" content=\"index, follow, max-snippet:-1, max-image-preview:large, max-video-preview:-1\" \/>\n<link rel=\"canonical\" href=\"https:\/\/abix.com.br\/abertura-de-nova-filial-em-uberlandia\/\" \/>\n<meta property=\"og:locale\" content=\"en_US\" \/>\n<meta property=\"og:type\" content=\"article\" \/>\n<meta property=\"og:title\" content=\"Opening of a new branch in Uberl\u00e2ndia - Abix\" \/>\n<meta property=\"og:description\" content=\"&nbsp; Abix is completing another important stage in its expansion. The new unit is strategically located in the city of Uberl\u00e2ndia in Minas Gerais and will be replicating our services already carried out in S\u00e3o Paulo. Located 590 km from S\u00e3o Paulo. Better known as the capital of the Tri\u00e2ngulo Mineiro, Uberl\u00e2ndia has the profile [...]\" \/>\n<meta property=\"og:url\" content=\"https:\/\/abix.com.br\/abertura-de-nova-filial-em-uberlandia\/\" \/>\n<meta property=\"og:site_name\" content=\"Abix\" \/>\n<meta property=\"article:published_time\" content=\"2020-01-24T11:55:24+00:00\" \/>\n<meta property=\"article:modified_time\" content=\"2023-09-11T15:03:11+00:00\" \/>\n<meta property=\"og:image\" content=\"https:\/\/abix.com.br\/wp-content\/uploads\/2020\/11\/new-uberlandia-a.webp\" \/>\n\t<meta property=\"og:image:width\" content=\"800\" \/>\n\t<meta property=\"og:image:height\" content=\"534\" \/>\n\t<meta property=\"og:image:type\" content=\"image\/webp\" \/>\n<meta name=\"author\" content=\"Abix\" \/>\n<meta name=\"twitter:card\" content=\"summary_large_image\" \/>\n<meta name=\"twitter:label1\" content=\"Written by\" \/>\n\t<meta name=\"twitter:data1\" content=\"Abix\" \/>\n<script type=\"application\/ld+json\" class=\"yoast-schema-graph\">{\"@context\":\"https:\\\/\\\/schema.org\",\"@graph\":[{\"@type\":\"Article\",\"@id\":\"https:\\\/\\\/abix.com.br\\\/abertura-de-nova-filial-em-uberlandia\\\/#article\",\"isPartOf\":{\"@id\":\"https:\\\/\\\/abix.com.br\\\/abertura-de-nova-filial-em-uberlandia\\\/\"},\"author\":{\"name\":\"Abix\",\"@id\":\"https:\\\/\\\/abix.com.br\\\/#\\\/schema\\\/person\\\/632d651c49f9f5d5a45ed8ba1c17604d\"},\"headline\":\"Opening of a new branch in Uberl\u00e2ndia\",\"datePublished\":\"2020-01-24T11:55:24+00:00\",\"dateModified\":\"2023-09-11T15:03:11+00:00\",\"mainEntityOfPage\":{\"@id\":\"https:\\\/\\\/abix.com.br\\\/abertura-de-nova-filial-em-uberlandia\\\/\"},\"wordCount\":80,\"image\":{\"@id\":\"https:\\\/\\\/abix.com.br\\\/abertura-de-nova-filial-em-uberlandia\\\/#primaryimage\"},\"thumbnailUrl\":\"https:\\\/\\\/abix.com.br\\\/wp-content\\\/uploads\\\/2020\\\/11\\\/new-uberlandia-a.webp\",\"articleSection\":[\"GERAL\"],\"inLanguage\":\"en-US\"},{\"@type\":\"WebPage\",\"@id\":\"https:\\\/\\\/abix.com.br\\\/abertura-de-nova-filial-em-uberlandia\\\/\",\"url\":\"https:\\\/\\\/abix.com.br\\\/abertura-de-nova-filial-em-uberlandia\\\/\",\"name\":\"Opening of a new branch in Uberl\u00e2ndia - Abix\",\"isPartOf\":{\"@id\":\"https:\\\/\\\/abix.com.br\\\/#website\"},\"primaryImageOfPage\":{\"@id\":\"https:\\\/\\\/abix.com.br\\\/abertura-de-nova-filial-em-uberlandia\\\/#primaryimage\"},\"image\":{\"@id\":\"https:\\\/\\\/abix.com.br\\\/abertura-de-nova-filial-em-uberlandia\\\/#primaryimage\"},\"thumbnailUrl\":\"https:\\\/\\\/abix.com.br\\\/wp-content\\\/uploads\\\/2020\\\/11\\\/new-uberlandia-a.webp\",\"datePublished\":\"2020-01-24T11:55:24+00:00\",\"dateModified\":\"2023-09-11T15:03:11+00:00\",\"author\":{\"@id\":\"https:\\\/\\\/abix.com.br\\\/#\\\/schema\\\/person\\\/632d651c49f9f5d5a45ed8ba1c17604d\"},\"breadcrumb\":{\"@id\":\"https:\\\/\\\/abix.com.br\\\/abertura-de-nova-filial-em-uberlandia\\\/#breadcrumb\"},\"inLanguage\":\"en-US\",\"potentialAction\":[{\"@type\":\"ReadAction\",\"target\":[\"https:\\\/\\\/abix.com.br\\\/abertura-de-nova-filial-em-uberlandia\\\/\"]}]},{\"@type\":\"ImageObject\",\"inLanguage\":\"en-US\",\"@id\":\"https:\\\/\\\/abix.com.br\\\/abertura-de-nova-filial-em-uberlandia\\\/#primaryimage\",\"url\":\"https:\\\/\\\/abix.com.br\\\/wp-content\\\/uploads\\\/2020\\\/11\\\/new-uberlandia-a.webp\",\"contentUrl\":\"https:\\\/\\\/abix.com.br\\\/wp-content\\\/uploads\\\/2020\\\/11\\\/new-uberlandia-a.webp\",\"width\":800,\"height\":534},{\"@type\":\"BreadcrumbList\",\"@id\":\"https:\\\/\\\/abix.com.br\\\/abertura-de-nova-filial-em-uberlandia\\\/#breadcrumb\",\"itemListElement\":[{\"@type\":\"ListItem\",\"position\":1,\"name\":\"In\u00edcio\",\"item\":\"https:\\\/\\\/abix.com.br\\\/en\\\/\"},{\"@type\":\"ListItem\",\"position\":2,\"name\":\"Opening of a new branch in Uberl\u00e2ndia\"}]},{\"@type\":\"WebSite\",\"@id\":\"https:\\\/\\\/abix.com.br\\\/#website\",\"url\":\"https:\\\/\\\/abix.com.br\\\/\",\"name\":\"Abix\",\"description\":\"\",\"potentialAction\":[{\"@type\":\"SearchAction\",\"target\":{\"@type\":\"EntryPoint\",\"urlTemplate\":\"https:\\\/\\\/abix.com.br\\\/?s={search_term_string}\"},\"query-input\":{\"@type\":\"PropertyValueSpecification\",\"valueRequired\":true,\"valueName\":\"search_term_string\"}}],\"inLanguage\":\"en-US\"},{\"@type\":\"Person\",\"@id\":\"https:\\\/\\\/abix.com.br\\\/#\\\/schema\\\/person\\\/632d651c49f9f5d5a45ed8ba1c17604d\",\"name\":\"Abix\",\"image\":{\"@type\":\"ImageObject\",\"inLanguage\":\"en-US\",\"@id\":\"https:\\\/\\\/secure.gravatar.com\\\/avatar\\\/55bfdf3c6fd394b706d63de2acc53afe534955268eb067fff15bb63c6496730c?s=96&d=mm&r=g\",\"url\":\"https:\\\/\\\/secure.gravatar.com\\\/avatar\\\/55bfdf3c6fd394b706d63de2acc53afe534955268eb067fff15bb63c6496730c?s=96&d=mm&r=g\",\"contentUrl\":\"https:\\\/\\\/secure.gravatar.com\\\/avatar\\\/55bfdf3c6fd394b706d63de2acc53afe534955268eb067fff15bb63c6496730c?s=96&d=mm&r=g\",\"caption\":\"Abix\"},\"sameAs\":[\"https:\\\/\\\/abix.com.br\"],\"url\":\"https:\\\/\\\/abix.com.br\\\/en\\\/author\\\/adminwp\\\/\"}]}<\/script>\n<!-- \/ Yoast SEO plugin. -->","yoast_head_json":{"title":"Opening of a new branch in Uberl\u00e2ndia - Abix","robots":{"index":"index","follow":"follow","max-snippet":"max-snippet:-1","max-image-preview":"max-image-preview:large","max-video-preview":"max-video-preview:-1"},"canonical":"https:\/\/abix.com.br\/abertura-de-nova-filial-em-uberlandia\/","og_locale":"en_US","og_type":"article","og_title":"Opening of a new branch in Uberl\u00e2ndia - Abix","og_description":"&nbsp; Abix is completing another important stage in its expansion. The new unit is strategically located in the city of Uberl\u00e2ndia in Minas Gerais and will be replicating our services already carried out in S\u00e3o Paulo. Located 590 km from S\u00e3o Paulo. Better known as the capital of the Tri\u00e2ngulo Mineiro, Uberl\u00e2ndia has the profile [...]","og_url":"https:\/\/abix.com.br\/abertura-de-nova-filial-em-uberlandia\/","og_site_name":"Abix","article_published_time":"2020-01-24T11:55:24+00:00","article_modified_time":"2023-09-11T15:03:11+00:00","og_image":[{"width":800,"height":534,"url":"https:\/\/abix.com.br\/wp-content\/uploads\/2020\/11\/new-uberlandia-a.webp","type":"image\/webp"}],"author":"Abix","twitter_card":"summary_large_image","twitter_misc":{"Written by":"Abix"},"schema":{"@context":"https:\/\/schema.org","@graph":[{"@type":"Article","@id":"https:\/\/abix.com.br\/abertura-de-nova-filial-em-uberlandia\/#article","isPartOf":{"@id":"https:\/\/abix.com.br\/abertura-de-nova-filial-em-uberlandia\/"},"author":{"name":"Abix","@id":"https:\/\/abix.com.br\/#\/schema\/person\/632d651c49f9f5d5a45ed8ba1c17604d"},"headline":"Opening of a new branch in Uberl\u00e2ndia","datePublished":"2020-01-24T11:55:24+00:00","dateModified":"2023-09-11T15:03:11+00:00","mainEntityOfPage":{"@id":"https:\/\/abix.com.br\/abertura-de-nova-filial-em-uberlandia\/"},"wordCount":80,"image":{"@id":"https:\/\/abix.com.br\/abertura-de-nova-filial-em-uberlandia\/#primaryimage"},"thumbnailUrl":"https:\/\/abix.com.br\/wp-content\/uploads\/2020\/11\/new-uberlandia-a.webp","articleSection":["GERAL"],"inLanguage":"en-US"},{"@type":"WebPage","@id":"https:\/\/abix.com.br\/abertura-de-nova-filial-em-uberlandia\/","url":"https:\/\/abix.com.br\/abertura-de-nova-filial-em-uberlandia\/","name":"Opening of a new branch in Uberl\u00e2ndia - Abix","isPartOf":{"@id":"https:\/\/abix.com.br\/#website"},"primaryImageOfPage":{"@id":"https:\/\/abix.com.br\/abertura-de-nova-filial-em-uberlandia\/#primaryimage"},"image":{"@id":"https:\/\/abix.com.br\/abertura-de-nova-filial-em-uberlandia\/#primaryimage"},"thumbnailUrl":"https:\/\/abix.com.br\/wp-content\/uploads\/2020\/11\/new-uberlandia-a.webp","datePublished":"2020-01-24T11:55:24+00:00","dateModified":"2023-09-11T15:03:11+00:00","author":{"@id":"https:\/\/abix.com.br\/#\/schema\/person\/632d651c49f9f5d5a45ed8ba1c17604d"},"breadcrumb":{"@id":"https:\/\/abix.com.br\/abertura-de-nova-filial-em-uberlandia\/#breadcrumb"},"inLanguage":"en-US","potentialAction":[{"@type":"ReadAction","target":["https:\/\/abix.com.br\/abertura-de-nova-filial-em-uberlandia\/"]}]},{"@type":"ImageObject","inLanguage":"en-US","@id":"https:\/\/abix.com.br\/abertura-de-nova-filial-em-uberlandia\/#primaryimage","url":"https:\/\/abix.com.br\/wp-content\/uploads\/2020\/11\/new-uberlandia-a.webp","contentUrl":"https:\/\/abix.com.br\/wp-content\/uploads\/2020\/11\/new-uberlandia-a.webp","width":800,"height":534},{"@type":"BreadcrumbList","@id":"https:\/\/abix.com.br\/abertura-de-nova-filial-em-uberlandia\/#breadcrumb","itemListElement":[{"@type":"ListItem","position":1,"name":"In\u00edcio","item":"https:\/\/abix.com.br\/en\/"},{"@type":"ListItem","position":2,"name":"Opening of a new branch in Uberl\u00e2ndia"}]},{"@type":"WebSite","@id":"https:\/\/abix.com.br\/#website","url":"https:\/\/abix.com.br\/","name":"Abix","description":"","potentialAction":[{"@type":"SearchAction","target":{"@type":"EntryPoint","urlTemplate":"https:\/\/abix.com.br\/?s={search_term_string}"},"query-input":{"@type":"PropertyValueSpecification","valueRequired":true,"valueName":"search_term_string"}}],"inLanguage":"en-US"},{"@type":"Person","@id":"https:\/\/abix.com.br\/#\/schema\/person\/632d651c49f9f5d5a45ed8ba1c17604d","name":"Abix","image":{"@type":"ImageObject","inLanguage":"en-US","@id":"https:\/\/secure.gravatar.com\/avatar\/55bfdf3c6fd394b706d63de2acc53afe534955268eb067fff15bb63c6496730c?s=96&d=mm&r=g","url":"https:\/\/secure.gravatar.com\/avatar\/55bfdf3c6fd394b706d63de2acc53afe534955268eb067fff15bb63c6496730c?s=96&d=mm&r=g","contentUrl":"https:\/\/secure.gravatar.com\/avatar\/55bfdf3c6fd394b706d63de2acc53afe534955268eb067fff15bb63c6496730c?s=96&d=mm&r=g","caption":"Abix"},"sameAs":["https:\/\/abix.com.br"],"url":"https:\/\/abix.com.br\/en\/author\/adminwp\/"}]}},"_links":{"self":[{"href":"https:\/\/abix.com.br\/en\/wp-json\/wp\/v2\/posts\/18013","targetHints":{"allow":["GET"]}}],"collection":[{"href":"https:\/\/abix.com.br\/en\/wp-json\/wp\/v2\/posts"}],"about":[{"href":"https:\/\/abix.com.br\/en\/wp-json\/wp\/v2\/types\/post"}],"author":[{"embeddable":true,"href":"https:\/\/abix.com.br\/en\/wp-json\/wp\/v2\/users\/1"}],"replies":[{"embeddable":true,"href":"https:\/\/abix.com.br\/en\/wp-json\/wp\/v2\/comments?post=18013"}],"version-history":[{"count":1,"href":"https:\/\/abix.com.br\/en\/wp-json\/wp\/v2\/posts\/18013\/revisions"}],"predecessor-version":[{"id":18025,"href":"https:\/\/abix.com.br\/en\/wp-json\/wp\/v2\/posts\/18013\/revisions\/18025"}],"wp:featuredmedia":[{"embeddable":true,"href":"https:\/\/abix.com.br\/en\/wp-json\/wp\/v2\/media\/16415"}],"wp:attachment":[{"href":"https:\/\/abix.com.br\/en\/wp-json\/wp\/v2\/media?parent=18013"}],"wp:term":[{"taxonomy":"category","embeddable":true,"href":"https:\/\/abix.com.br\/en\/wp-json\/wp\/v2\/categories?post=18013"},{"taxonomy":"post_tag","embeddable":true,"href":"https:\/\/abix.com.br\/en\/wp-json\/wp\/v2\/tags?post=18013"}],"curies":[{"name":"wp","href":"https:\/\/api.w.org\/{rel}","templated":true}]}}